{"id":10528,"date":"2024-09-16T08:20:46","date_gmt":"2024-09-16T06:20:46","guid":{"rendered":"https:\/\/www.community.it\/?p=10528"},"modified":"2026-01-19T18:46:58","modified_gmt":"2026-01-19T17:46:58","slug":"si-rafforza-il-management-di-community","status":"publish","type":"post","link":"https:\/\/www.community.it\/en\/2024\/09\/16\/si-rafforza-il-management-di-community\/","title":{"rendered":"Si rafforza il management di Community"},"content":{"rendered":"<h3><strong><span style=\"color: #ee751e; letter-spacing: 0.05em; font-size: 30px;\">Auro Palomba vicepresidente e Roberto Patriarca nominato amministratore delegato<\/span><\/strong><\/h3>\n<p>Community, societ\u00e0 nata nel 2001 e oggi parte di <strong>Excellera Advisory Group<\/strong>, annuncia il rafforzamento della propria struttura manageriale con la nomina di <strong>Roberto Patriarca<\/strong> ad <strong>Amministratore Delegato<\/strong> e di <strong>Marco Rubino<\/strong> come <strong>Managing Partner<\/strong>. Il fondatore <strong>Auro Palomba<\/strong>, continuer\u00e0 a guidare le strategie della societ\u00e0 con la carica di <strong>Vice Presidente<\/strong>.<\/p>\n<p>La nuova governance \u00e8 stata disegnata con l\u2019obiettivo di <strong>supportare le grandi sfide nazionali e internazionali <\/strong>che il Gruppo Excellera si appresta ad affrontare e che richiedono una sempre <strong>maggiore organizzazione<\/strong>.<\/p>\n<p><strong>Auro Palomba<\/strong> seguir\u00e0 lo <strong>sviluppo strategico <\/strong>nonch\u00e9 la<strong> gestione della squadra<\/strong>, mentre <strong>Roberto Patriarca <\/strong>assumer\u00e0 le<strong> deleghe operative <\/strong>per la direzione aziendale. <strong>Marco Rubino<\/strong>, <strong>Managing Partner<\/strong>, <strong>Giuliano Pasini<\/strong>, <strong>Senior Partner<\/strong> e rappresentante della societ\u00e0 in seno al <strong>CdA del Gruppo Excellera<\/strong>, i due <strong>Partner<\/strong> <strong>Pasquo Cicchini<\/strong> e <strong>Giovanna Benvenuti<\/strong> completano la governance.<\/p>\n<p>\u201c<em>Crescere, guardare al futuro ed essere sempre pronti a cogliere ogni sfida che il mercato o i nostri clienti possano porci. Questo \u00e8 lo spirito che ha supportato la nostra crescita ci ha guidato anche nella scelta di affidare sempre pi\u00f9 responsabilit\u00e0 ai manager interni di Community. La nuova governance ci permetter\u00e0 di seguire al meglio l\u2019evoluzione del nostro business e la crescita del Gruppo che abbiamo fondato solo due anni fa e che, mentre si rafforza sul mercato nazionale, guarda con sempre maggiore interesse ai mercati internazionali. Questa squadra \u00e8 forte e fatta di partner di grande talento e di lungo corso, di persone determinate e di collaboratori capaci; con questa nuova governance siamo pronti ad accogliere il futuro<\/em>\u201d, ha dichiarato <strong>Auro Palomba, fondatore e Vice Presidente di Community<\/strong>.<\/p>","protected":false},"excerpt":{"rendered":"<p>Auro Palomba vicepresidente e Roberto Patriarca nominato amministratore delegato Community, societ\u00e0 nata nel 2001 e oggi parte di Excellera Advisory Group, annuncia il rafforzamento della propria struttura manageriale con la&#8230;<\/p>","protected":false},"author":5,"featured_media":177,"comment_status":"closed","ping_status":"open","sticky":false,"template":"","format":"standard","meta":{"inline_featured_image":false,"footnotes":""},"categories":[236],"tags":[],"class_list":{"0":"post-10528","1":"post","2":"type-post","3":"status-publish","4":"format-standard","5":"has-post-thumbnail","7":"category-news"},"_links":{"self":[{"href":"https:\/\/www.community.it\/en\/wp-json\/wp\/v2\/posts\/10528","targetHints":{"allow":["GET"]}}],"collection":[{"href":"https:\/\/www.community.it\/en\/wp-json\/wp\/v2\/posts"}],"about":[{"href":"https:\/\/www.community.it\/en\/wp-json\/wp\/v2\/types\/post"}],"author":[{"embeddable":true,"href":"https:\/\/www.community.it\/en\/wp-json\/wp\/v2\/users\/5"}],"replies":[{"embeddable":true,"href":"https:\/\/www.community.it\/en\/wp-json\/wp\/v2\/comments?post=10528"}],"version-history":[{"count":14,"href":"https:\/\/www.community.it\/en\/wp-json\/wp\/v2\/posts\/10528\/revisions"}],"predecessor-version":[{"id":11900,"href":"https:\/\/www.community.it\/en\/wp-json\/wp\/v2\/posts\/10528\/revisions\/11900"}],"wp:featuredmedia":[{"embeddable":true,"href":"https:\/\/www.community.it\/en\/wp-json\/wp\/v2\/media\/177"}],"wp:attachment":[{"href":"https:\/\/www.community.it\/en\/wp-json\/wp\/v2\/media?parent=10528"}],"wp:term":[{"taxonomy":"category","embeddable":true,"href":"https:\/\/www.community.it\/en\/wp-json\/wp\/v2\/categories?post=10528"},{"taxonomy":"post_tag","embeddable":true,"href":"https:\/\/www.community.it\/en\/wp-json\/wp\/v2\/tags?post=10528"}],"curies":[{"name":"wp","href":"https:\/\/api.w.org\/{rel}","templated":true}]}}